{"id":33308,"date":"2026-03-25T13:46:56","date_gmt":"2026-03-25T13:46:56","guid":{"rendered":"https:\/\/ibigworld.ath.edu.pl\/?p=33308"},"modified":"2026-04-29T19:55:37","modified_gmt":"2026-04-29T19:55:37","slug":"inicio-4","status":"publish","type":"post","link":"https:\/\/ibigworld.ath.edu.pl\/index.php\/2026\/03\/25\/inicio-4\/","title":{"rendered":"Inicio"},"content":{"rendered":"<div id=\"toc\" style=\"background: #f9f9f9;border: 1px solid #aaa;margin-bottom: 1em;padding: 1em;width: 350px\">\n<p class=\"toctitle\" style=\"font-weight: 700;text-align: center\">Content<\/p>\n<ul class=\"toc_list\">\n<li><a href=\"#toc-0\">Municipio de La Pintana firma convenio con SLEP El Pino para clases de nataci\u00f3n<\/a><\/li>\n<li><a href=\"#toc-1\">Qu\u00e9 pasa en tu cerebro cuando consumes marihuana, seg\u00fan estudios recientes<\/a><\/li>\n<li><a href=\"#toc-3\">Grandes invitados internacionales<\/a><\/li>\n<li><a href=\"#toc-4\">realizaci\u00f3n de eventos<\/a><\/li>\n<\/ul>\n<\/div>\n<p>Siguiendo la l\u00ednea de nuestros valores, Touch est\u00e1 apadrinando a Celebraciones con Sentido. Esta fundaci\u00f3n es un intermediario que capta y fomenta donaciones para incentivar a la gente a regalar sus celebraciones para distintas causas ben\u00e9ficas sin fines de lucro pero que generan un alto impacto social . Estudiantes y acad\u00e9micos de Santo Tom\u00e1s Rancagua fueron parte de este encuentro gastron\u00f3mico que se ha transformado en el m\u00e1s importante de Latinoam\u00e9rica. Dentro de sus invitados estelares se encuentran Virgilio Mart\u00ednez, de Per\u00fa; Mar\u00eda Elena Marfet\u00e1n, de Uruguay; Rafa Costa e Silva, de Brasil; Ebru Baybara, de Turqu\u00eda; Eneko Izkue, de Espa\u00f1ay Nicola Grycska, de Polonia, entre otros. Este a\u00f1o contamos con el apoyo del Fondart de Econom\u00eda Creativa, que nos permitir\u00e1 tener un programa de m\u00fasicos emergentes, cuenta cuentos (\u00d1amcito) e intervenciones de artes visuales.<\/p>\n<h2 id=\"toc-0\">Municipio de La Pintana firma convenio con SLEP El Pino para clases de nataci\u00f3n<\/h2>\n<p>Contamos con un CEDI especializado e instalaciones adaptadas para el almacenamiento de tus productosEl servicio Fulfillment es la soluci\u00f3n a todas tus necesidad producidas por el impulso de ventas E-commerce. Realizamos un an\u00e1lisis amplio y riguroso del mercado, logrando identificar, evaluar y seleccionar los talentos m\u00e1s espec\u00edficos para su compa\u00f1\u00eda. Trabaj\u00f3 21 a\u00f1os en el Grupo Santander, donde desempe\u00f1\u00f3 los cargos de gerente de Recursos Humanos, gerente de la Divisi\u00f3n de Personas y gerente de Planificaci\u00f3n Estrat\u00e9gica, entre otros. Anteriormente y durante ocho a\u00f1os, fue profesora full time en la Escuela de Administraci\u00f3n de Facultad de Ciencias Econ\u00f3micas y Administrativas de la PUC.<\/p>\n<h3 id=\"toc-1\">Qu\u00e9 pasa en tu cerebro cuando consumes marihuana, seg\u00fan estudios recientes<\/h3>\n<p>INDAP participa en \u00d1AM desde sus inicios como patrocinador, en 2011, y a partir de 2014 apoya activamente la presencia de productores de la Agricultura Familiar Campesina. En ese contexto, el subsecretario Venezian destac\u00f3 que este a\u00f1o el evento cuenta con 30 emprendimientos del mundo campesino de 13 regiones del pa\u00eds que trabajan con apoyo de INDAP. Se puede ir a los atractivos gastron\u00f3micos en el cerro Santa Luc\u00eda, \u00d1am Mercado para comprar productos artesanales de selecci\u00f3n, o \u00d1amcito para los m\u00e1s chicos. En cuanto a la oferta gastron\u00f3mica, &quot;\u00d1am Mercado&quot; tiene como objetivo convertirse en una fiesta gastron\u00f3mica que pondr\u00e1 a disposici\u00f3n de los asistentes, &quot;un recorrido por Chile desde sus productos, paisajes y personajes para celebrar, aprender, disfrutar y pasarlo bien&quot;.<\/p>\n<p>La Academia \u00d1am es la primera plataforma digital social de capacitaci\u00f3n en gastronom\u00eda en Chile. Es un espacio educativo inclusivo a la que se accede a trav\u00e9s de \u00f1am.org y contiene diversos cursos en temas como cocina, servicio, oficios culinarios, educaci\u00f3n medioambiental, sommeler\u00eda, desarrollo personal, entre otros. Se aprende y capacita a trav\u00e9s de videos de micro aprendizaje, los que van acompa\u00f1ados de materiales descargables, tests y evaluaciones, trazando aprendizaje adquirido. La propuesta implica \u00abusar las nuevas tecnolog\u00edas para proveer contenidos digitales y formaci\u00f3n para el empleo en el sector gastron\u00f3mico, especialmente a mujeres y j\u00f3venes.<\/p>\n<h3 id=\"toc-2\">Abren postulaciones al programa \u201cMi almac\u00e9n, mi comunidad\u201d 2026 para fortalecer negocios de barrio en Chile<\/h3>\n<p>Las salas de clases de los j\u00f3venes son los propios restaurantes\/escuelas, donde se imparten cursos que abarcan desde el montaje y servicio de una mesa, la estructura y montaje del bar, hasta la comunicaci\u00f3n efectiva. \u00d1am Mercado, con sus 110 stands, es una exquisita muestra de la despensa de Chile, es un paseo por nuestros territorios y su diversidad. Con delicias del mundo de la agricultura familiar campesina, de la pesca artesanal y de los emprendedores gastron\u00f3micos.<\/p>\n<p>El festival \u00d1am 2026 se realizar\u00e1 el 10, 11 <a href=\"niam.cl\">niam.cl<\/a> y 12 de abril en el Parque Padre Hurtado. En el marco de la novena versi\u00f3n del Festival Latinoamericano de Cocina \u00d1AM 2019, que se realizar\u00e1 entre los d\u00edas 1 y 7 de abril y se desarrollar\u00e1 \u00edntegramente en la comuna de Santiago, INACAP participar\u00e1 a trav\u00e9s de estudiantes y docentes, principalmente por los de su Escuela de Hoteler\u00eda, Turismo y Gastronom\u00eda. Quienes quieran acceder pueden ingresar a \u00d1am.org o Niam.cl y comenzar a participar de esta comunidad de aprendizaje.<\/p>\n<ul>\n<li>Trabaj\u00f3 21 a\u00f1os en el Grupo Santander, donde desempe\u00f1\u00f3 los cargos de gerente de Recursos Humanos, gerente de la Divisi\u00f3n de Personas y gerente de Planificaci\u00f3n Estrat\u00e9gica, entre otros.<\/li>\n<li>Un agitado ritmo que no sorprende a\u00a0Carola Silva, quien fund\u00f3 \u00d1am hace nueve a\u00f1os junto al espa\u00f1ol Rafael Rinc\u00f3n.<\/li>\n<li>La programaci\u00f3n adem\u00e1s incluir\u00e1 una variada parrilla de bandas y m\u00fasicos en vivo durante cada jornada.<\/li>\n<li>Entre ellos destacan sus mermeladas org\u00e1nicas de ruibarbo, grosella con flor de sauco y ciruela menta, adem\u00e1s de conservas de frutas y pastas elaboradas a partir de topinambur, ajo y aj\u00ed.<\/li>\n<li>Gerente de Innovaci\u00f3n y tecnolog\u00edas, socios de Instance (empresa de tecnolog\u00eda by Grupo Touch) 14 a\u00f1os de experiencia en emprendimientos de entretenimiento y digital, mentor en Start-Up Chile.<\/li>\n<\/ul>\n<h2 id=\"toc-4\">realizaci\u00f3n de eventos<\/h2>\n<p>La gastronom\u00eda se presenta as\u00ed como un veh\u00edculo para el cambio social y la creaci\u00f3n de oportunidades, reflejando c\u00f3mo, a trav\u00e9s del esfuerzo conjunto, se puede construir un futuro m\u00e1s inclusivo y pr\u00f3spero. El 24 de octubre, el restaurante Ocean Pacific\u2019s en Santiago fue el escenario de un importante evento que celebr\u00f3 el impacto de la gastronom\u00eda como herramienta de transformaci\u00f3n social. Durante la primera entrega del Reconocimiento al Aporte en Gastronom\u00eda Social, se homenaje\u00f3 a due\u00f1os de restaurantes comprometidos con la inclusi\u00f3n y el empoderamiento de j\u00f3venes a trav\u00e9s de los Bootcamps Gastron\u00f3micos, liderados por Coca-Cola Chile y la Fundaci\u00f3n Gastronom\u00eda Social. El Festival \u00d1am Santiago regresa en su 12\u00aa edici\u00f3n para celebrar lo mejor de la gastronom\u00eda latinoamericana. Bajo el lema \u201cE\u00f1am\u00f3rate\u201d, este evento invita a disfrutar de tres d\u00edas llenos de sabores, cultura y experiencias \u00fanicas en el Parque Padre Hurtado de La Reina, del 28 al 30 de marzo. Seg\u00fan un informe de la OIT y la Cepal, Chile se encuentra entre los pa\u00edses de Latinoam\u00e9rica con menor recuperaci\u00f3n de empleo juvenil, registrando un desempleo del 21,4% en este grupo.<\/p>\n<p>\u00abLa gastronom\u00eda es una hermosa e importante herramienta de cambio social\u00bb, aseguran desde \u00d1am, una&nbsp;comunidad que en 11 a\u00f1os se ha preocupado de cuidar la salud, las personas y el medioambiente a trav\u00e9s del alimento. Con m\u00e1s de 50 restaurantes, \u00d1AM ofrece una amplia variedad de opciones para disfrutar con quienes m\u00e1s quieras, con propuestas para todos los gustos. Dentro de estos locales destacan algunos como una zona de parrillas, delicias del mar, cocina mapuche ancestral, cocina internacional, preparaciones nikkei, preparaciones veganas y opciones sin gluten, y tanto, tanto m\u00e1s. La directora (S) de INDAP Los R\u00edos, Paula Rom\u00e1n, destac\u00f3 la importancia de esta participaci\u00f3n se\u00f1alando que, \u201ccomo regi\u00f3n, estamos muy orgullosos de que una de nuestras usuarias sea parte de esta vitrina nacional.<\/p>\n","protected":false},"excerpt":{"rendered":"<p>Content Municipio de La Pintana firma convenio con SLEP El Pino para clases de nataci\u00f3n Qu\u00e9 pasa en tu cerebro cuando consumes marihuana, seg\u00fan estudios recientes Grandes invitados internacionales realizaci\u00f3n de eventos Siguiendo la l\u00ednea de nuestros valores, Touch est\u00e1 apadrinando a Celebraciones con Sentido. Esta fundaci\u00f3n es un intermediario que capta y fomenta donaciones &hellip; <\/p>\n<p class=\"read-more\"><a class=\"btn btn-default\" href=\"https:\/\/ibigworld.ath.edu.pl\/index.php\/2026\/03\/25\/inicio-4\/\"> Read More<span class=\"screen-reader-text\">  Read More<\/span><\/a><\/p>\n","protected":false},"author":6,"featured_media":0,"comment_status":"closed","ping_status":"open","sticky":false,"template":"","format":"standard","meta":[],"categories":[],"tags":[],"_links":{"self":[{"href":"https:\/\/ibigworld.ath.edu.pl\/index.php\/wp-json\/wp\/v2\/posts\/33308"}],"collection":[{"href":"https:\/\/ibigworld.ath.edu.pl\/index.php\/wp-json\/wp\/v2\/posts"}],"about":[{"href":"https:\/\/ibigworld.ath.edu.pl\/index.php\/wp-json\/wp\/v2\/types\/post"}],"author":[{"embeddable":true,"href":"https:\/\/ibigworld.ath.edu.pl\/index.php\/wp-json\/wp\/v2\/users\/6"}],"replies":[{"embeddable":true,"href":"https:\/\/ibigworld.ath.edu.pl\/index.php\/wp-json\/wp\/v2\/comments?post=33308"}],"version-history":[{"count":1,"href":"https:\/\/ibigworld.ath.edu.pl\/index.php\/wp-json\/wp\/v2\/posts\/33308\/revisions"}],"predecessor-version":[{"id":33309,"href":"https:\/\/ibigworld.ath.edu.pl\/index.php\/wp-json\/wp\/v2\/posts\/33308\/revisions\/33309"}],"wp:attachment":[{"href":"https:\/\/ibigworld.ath.edu.pl\/index.php\/wp-json\/wp\/v2\/media?parent=33308"}],"wp:term":[{"taxonomy":"category","embeddable":true,"href":"https:\/\/ibigworld.ath.edu.pl\/index.php\/wp-json\/wp\/v2\/categories?post=33308"},{"taxonomy":"post_tag","embeddable":true,"href":"https:\/\/ibigworld.ath.edu.pl\/index.php\/wp-json\/wp\/v2\/tags?post=33308"}],"curies":[{"name":"wp","href":"https:\/\/api.w.org\/{rel}","templated":true}]}}